{"id":4119,"date":"2022-07-05T16:32:52","date_gmt":"2022-07-05T14:32:52","guid":{"rendered":"https:\/\/cdad83.fr\/?p=4119"},"modified":"2022-07-05T16:32:52","modified_gmt":"2022-07-05T14:32:52","slug":"guide-de-la-justice-des-mineurs","status":"publish","type":"post","link":"https:\/\/cdad83.fr\/index.php\/2022\/07\/05\/guide-de-la-justice-des-mineurs\/","title":{"rendered":"Guide de la Justice des mineurs"},"content":{"rendered":"<p><img fetchpriority=\"high\" decoding=\"async\" class=\"wp-image-4120 aligncenter\" src=\"https:\/\/cdad83.fr\/wp-content\/uploads\/2022\/07\/Nouveau-__________________________________________-300x300.png\" alt=\"\" width=\"564\" height=\"564\" srcset=\"https:\/\/cdad83.fr\/wp-content\/uploads\/2022\/07\/Nouveau-__________________________________________-300x300.png 300w, https:\/\/cdad83.fr\/wp-content\/uploads\/2022\/07\/Nouveau-__________________________________________-1024x1024.png 1024w, https:\/\/cdad83.fr\/wp-content\/uploads\/2022\/07\/Nouveau-__________________________________________-150x150.png 150w, https:\/\/cdad83.fr\/wp-content\/uploads\/2022\/07\/Nouveau-__________________________________________-768x768.png 768w, https:\/\/cdad83.fr\/wp-content\/uploads\/2022\/07\/Nouveau-__________________________________________-75x75.png 75w, https:\/\/cdad83.fr\/wp-content\/uploads\/2022\/07\/Nouveau-__________________________________________.png 1080w\" sizes=\"(max-width: 564px) 100vw, 564px\" \/><\/p>\n<p>&nbsp;<\/p>\n<p>Ce guide illustr\u00e9 permet la compr\u00e9hension du fonctionnement de la Justice fran\u00e7aise, ainsi que les proc\u00e9dures applicables aux mineurs, mais \u00e9galement l&rsquo;accompagnement auquel ils ont droit.<\/p>\n<p>T\u00e9l\u00e9chargeable\u00a0 <a href=\"https:\/\/cdad83.fr\/wp-content\/uploads\/2022\/07\/Guide_Ministere_justice1.pdf\">ICI <\/a><\/p>\n","protected":false},"excerpt":{"rendered":"<p>&nbsp; Ce guide illustr\u00e9 permet la compr\u00e9hension du fonctionnement de la Justice fran\u00e7aise, ainsi que les proc\u00e9dures applicables aux mineurs, mais \u00e9galement l&rsquo;accompagnement auquel ils ont droit. T\u00e9l\u00e9chargeable\u00a0 ICI<\/p>\n","protected":false},"author":3,"featured_media":0,"comment_status":"closed","ping_status":"closed","sticky":false,"template":"","format":"standard","meta":{"_monsterinsights_skip_tracking":false,"_monsterinsights_sitenote_active":false,"_monsterinsights_sitenote_note":"","_monsterinsights_sitenote_category":0,"footnotes":""},"categories":[1],"tags":[],"class_list":["post-4119","post","type-post","status-publish","format-standard","hentry","category-non-classe"],"_links":{"self":[{"href":"https:\/\/cdad83.fr\/index.php\/wp-json\/wp\/v2\/posts\/4119","targetHints":{"allow":["GET"]}}],"collection":[{"href":"https:\/\/cdad83.fr\/index.php\/wp-json\/wp\/v2\/posts"}],"about":[{"href":"https:\/\/cdad83.fr\/index.php\/wp-json\/wp\/v2\/types\/post"}],"author":[{"embeddable":true,"href":"https:\/\/cdad83.fr\/index.php\/wp-json\/wp\/v2\/users\/3"}],"replies":[{"embeddable":true,"href":"https:\/\/cdad83.fr\/index.php\/wp-json\/wp\/v2\/comments?post=4119"}],"version-history":[{"count":0,"href":"https:\/\/cdad83.fr\/index.php\/wp-json\/wp\/v2\/posts\/4119\/revisions"}],"wp:attachment":[{"href":"https:\/\/cdad83.fr\/index.php\/wp-json\/wp\/v2\/media?parent=4119"}],"wp:term":[{"taxonomy":"category","embeddable":true,"href":"https:\/\/cdad83.fr\/index.php\/wp-json\/wp\/v2\/categories?post=4119"},{"taxonomy":"post_tag","embeddable":true,"href":"https:\/\/cdad83.fr\/index.php\/wp-json\/wp\/v2\/tags?post=4119"}],"curies":[{"name":"wp","href":"https:\/\/api.w.org\/{rel}","templated":true}]}}