{"id":974,"date":"2018-04-19T10:26:23","date_gmt":"2018-04-19T08:26:23","guid":{"rendered":"http:\/\/cdad83.fr\/?p=974"},"modified":"2021-06-02T16:15:45","modified_gmt":"2021-06-02T14:15:45","slug":"pad-de-brignoles-proces-penal-interactif-15-juin-2018-colleges-de-rocbaron-et-de-gareoult","status":"publish","type":"post","link":"https:\/\/cdad83.fr\/index.php\/2018\/04\/19\/pad-de-brignoles-proces-penal-interactif-15-juin-2018-colleges-de-rocbaron-et-de-gareoult\/","title":{"rendered":"Point d&rsquo;acc\u00e8s au droit de Brignoles : Proc\u00e8s p\u00e9nal interactif \u2013 19 avril 2018, coll\u00e8ges de Rocbaron et de Gar\u00e9oult"},"content":{"rendered":"<p style=\"text-align: justify;\">Le 19 avril 2018 s\u2019est d\u00e9roul\u00e9 le proc\u00e8s p\u00e9nal interactif avec la participation des \u00e9l\u00e8ves des coll\u00e8ges de Rocbaron et de Gar\u00e9oult.<\/p>\n<p style=\"text-align: justify;\">Cette action qui s\u2019inscrit dans une th\u00e9matique de pr\u00e9vention de la d\u00e9linquance, du harc\u00e8lement, de la discrimination, des addictions et de sensibilisation au droit, a pour objet de retracer le d\u00e9roulement d\u2019un proc\u00e8s p\u00e9nal devant le tribunal pour enfants.<\/p>\n<p style=\"text-align: justify;\">Cet \u00e9v\u00e9nement a eu lieu avec la collaboration du point d&rsquo;acc\u00e8s au droit de la Communaut\u00e9 d\u2019Agglom\u00e9ration de la Provence Verte, du CDAD du Var, de la PJJ, de la BPDJ, de Madame NECHADI, substitut au parquet de Draguignan, de Monsieur LAMBERT, Pr\u00e9sident du tribunal d\u2019instance de Toulon, de Monsieur LE GUEN, directeur de greffe du TI de Brignoles et des conciliateurs de justice.<\/p>\n<p style=\"text-align: justify;\">Le sc\u00e9nario de ce proc\u00e8s, inspir\u00e9 de faits r\u00e9els, a \u00e9t\u00e9 pr\u00e9par\u00e9 par les \u00e9ducateurs de la PJJ. Il met en sc\u00e8ne une jeune coll\u00e9gienne poursuivie pour des faits de consommation de produits stup\u00e9fiants, et soup\u00e7onn\u00e9e de harc\u00e8lement et menaces sur les r\u00e9seaux sociaux.<\/p>\n<p style=\"text-align: justify;\">Pour juger cette coll\u00e9gienne, la d\u00e9fendre et repr\u00e9senter la partie civile, les diff\u00e9rents acteurs, tous professionnels de la justice (magistrats, avocats, greffier et conciliateurs dans le r\u00f4le des assesseurs), \u00e9taient pr\u00e9sents pour reconstituer ce proc\u00e8s. Les r\u00f4les de la pr\u00e9venue et de la victime \u00e9taient quant \u00e0 eux tenus par les \u00e9l\u00e8ves, et celui de leurs parents par leurs professeurs.<\/p>\n<p style=\"text-align: justify;\">A la fin de l\u2019audience, les coll\u00e9giens ont pu \u00e9changer avec les diff\u00e9rents intervenants d\u00e9montrant leur int\u00e9r\u00eat \u00e0 l\u2019\u00e9gard du monde judiciaire et des m\u00e9tiers de la justice.<\/p>\n<p style=\"text-align: justify;\">Les diff\u00e9rents professionnels du droit ont ainsi pu mettre en exergue l\u2019importance de faire respecter la loi, et la d\u00e9finition des droits et des devoirs de chacun au sein de la soci\u00e9t\u00e9.<\/p>\n","protected":false},"excerpt":{"rendered":"<p>Le 19 avril 2018 s\u2019est d\u00e9roul\u00e9 le proc\u00e8s p\u00e9nal interactif avec la participation des \u00e9l\u00e8ves des coll\u00e8ges de Rocbaron et de Gar\u00e9oult. Cette action qui s\u2019inscrit dans une th\u00e9matique de pr\u00e9vention de la d\u00e9linquance, du harc\u00e8lement, de la discrimination, des addictions et de sensibilisation au droit, a pour objet de retracer le d\u00e9roulement d\u2019un proc\u00e8s p\u00e9nal devant le tribunal pour enfants. Cet \u00e9v\u00e9nement a eu lieu avec la collaboration du point d&rsquo;acc\u00e8s au droit de la Communaut\u00e9 d\u2019Agglom\u00e9ration de la Provence Verte, du CDAD du Var, de la PJJ, de la BPDJ, de Madame NECHADI, substitut au parquet de Draguignan, de Monsieur LAMBERT, Pr\u00e9sident du tribunal d\u2019instance de Toulon, de Monsieur LE GUEN, directeur de greffe du TI de Brignoles et des conciliateurs de justice. Le sc\u00e9nario de ce proc\u00e8s, inspir\u00e9 de faits r\u00e9els, a \u00e9t\u00e9 pr\u00e9par\u00e9 par les \u00e9ducateurs de la PJJ. Il met en sc\u00e8ne une jeune coll\u00e9gienne poursuivie pour des faits de consommation de produits stup\u00e9fiants, et soup\u00e7onn\u00e9e de harc\u00e8lement et menaces sur les r\u00e9seaux sociaux. Pour juger cette coll\u00e9gienne, la d\u00e9fendre et repr\u00e9senter la partie civile, les diff\u00e9rents acteurs, tous professionnels de la justice (magistrats, avocats, greffier et conciliateurs dans le r\u00f4le des assesseurs), \u00e9taient pr\u00e9sents pour reconstituer ce proc\u00e8s. Les r\u00f4les de la pr\u00e9venue et de la victime \u00e9taient quant \u00e0 eux tenus par les \u00e9l\u00e8ves, et celui de leurs parents par leurs professeurs. A la fin de l\u2019audience, les coll\u00e9giens ont pu \u00e9changer avec les diff\u00e9rents intervenants d\u00e9montrant leur int\u00e9r\u00eat \u00e0 l\u2019\u00e9gard du monde judiciaire et des m\u00e9tiers de la justice. Les diff\u00e9rents professionnels du droit ont ainsi pu mettre en exergue l\u2019importance de faire respecter la loi, et la d\u00e9finition des droits et des devoirs de chacun au sein de la soci\u00e9t\u00e9.<\/p>\n","protected":false},"author":3,"featured_media":0,"comment_status":"closed","ping_status":"closed","sticky":false,"template":"","format":"standard","meta":{"_monsterinsights_skip_tracking":false,"_monsterinsights_sitenote_active":false,"_monsterinsights_sitenote_note":"","_monsterinsights_sitenote_category":0,"footnotes":""},"categories":[15],"tags":[],"class_list":["post-974","post","type-post","status-publish","format-standard","hentry","category-nos-articles"],"_links":{"self":[{"href":"https:\/\/cdad83.fr\/index.php\/wp-json\/wp\/v2\/posts\/974","targetHints":{"allow":["GET"]}}],"collection":[{"href":"https:\/\/cdad83.fr\/index.php\/wp-json\/wp\/v2\/posts"}],"about":[{"href":"https:\/\/cdad83.fr\/index.php\/wp-json\/wp\/v2\/types\/post"}],"author":[{"embeddable":true,"href":"https:\/\/cdad83.fr\/index.php\/wp-json\/wp\/v2\/users\/3"}],"replies":[{"embeddable":true,"href":"https:\/\/cdad83.fr\/index.php\/wp-json\/wp\/v2\/comments?post=974"}],"version-history":[{"count":0,"href":"https:\/\/cdad83.fr\/index.php\/wp-json\/wp\/v2\/posts\/974\/revisions"}],"wp:attachment":[{"href":"https:\/\/cdad83.fr\/index.php\/wp-json\/wp\/v2\/media?parent=974"}],"wp:term":[{"taxonomy":"category","embeddable":true,"href":"https:\/\/cdad83.fr\/index.php\/wp-json\/wp\/v2\/categories?post=974"},{"taxonomy":"post_tag","embeddable":true,"href":"https:\/\/cdad83.fr\/index.php\/wp-json\/wp\/v2\/tags?post=974"}],"curies":[{"name":"wp","href":"https:\/\/api.w.org\/{rel}","templated":true}]}}